{"id":19487,"date":"2021-02-04T12:20:32","date_gmt":"2021-02-04T12:20:32","guid":{"rendered":"https:\/\/www.luxxu.net\/blog\/?p=19487"},"modified":"2021-04-06T16:14:01","modified_gmt":"2021-04-06T15:14:01","slug":"best-interior-design-showrooms-in-sao-paulo","status":"publish","type":"post","link":"https:\/\/www.luxxu.net\/blog\/best-interior-design-showrooms-in-sao-paulo\/","title":{"rendered":"Best Interior Design Showrooms in S\u00e3o Paulo"},"content":{"rendered":"\n<p>Best Interior Design Showrooms in S\u00e3o Paulo =&gt; We\u2019ve collected the\u00a0<strong><em>best interior<a href=\"https:\/\/www.luxxu.net\/all-products?utm_source=blog&amp;utm_medium=article-text&amp;utm_content=LuxxuBlog&amp;utm_campaign=product&amp;utm_term=atavares\" title=\"\"> furniture shops<\/a><\/em>\u00a0and showrooms<\/strong>\u00a0for you to enjoy while in S\u00e3o Paulo, Brazil. From small<strong><a href=\"https:\/\/www.luxxu.net\/all-products?utm_source=blog&amp;utm_medium=article-text&amp;utm_content=LuxxuBlog&amp;utm_campaign=product&amp;utm_term=atavares\" title=\"\">\u00a0showrooms and boutiques<\/a> to grand flagships<\/strong>, there is a huge variety of sources to find the best interior design furniture and inspirations.<\/p>\n\n\n\n<figure class=\"wp-block-image size-large\"><a href=\"https:\/\/www.luxxu.net\/all-ebooks\/ebook-top-id?utm_source=luxxu-blog&amp;utm_medium=dynamicbanner-articlebanner&amp;utm_campaign=ebooks&amp;utm_term=lsilva&amp;utm_content=saopaulo\" title=\"\"><img loading=\"lazy\" decoding=\"async\" width=\"662\" height=\"274\" src=\"https:\/\/www.luxxu.net\/blog\/wp-content\/uploads\/2021\/04\/sao-paulo-banner-artigo-662x274.gif\" alt=\"\" class=\"wp-image-20430\" srcset=\"https:\/\/www.luxxu.net\/blog\/wp-content\/uploads\/2021\/04\/sao-paulo-banner-artigo-662x274.gif 662w, https:\/\/www.luxxu.net\/blog\/wp-content\/uploads\/2021\/04\/sao-paulo-banner-artigo-300x124.gif 300w, https:\/\/www.luxxu.net\/blog\/wp-content\/uploads\/2021\/04\/sao-paulo-banner-artigo-768x318.gif 768w, https:\/\/www.luxxu.net\/blog\/wp-content\/uploads\/2021\/04\/sao-paulo-banner-artigo-640x265.gif 640w, https:\/\/www.luxxu.net\/blog\/wp-content\/uploads\/2021\/04\/sao-paulo-banner-artigo-600x248.gif 600w\" sizes=\"auto, (max-width: 662px) 100vw, 662px\"><\/a><\/figure>\n\n\n\n<div class=\"bfoot\">\n    <img decoding=\"async\" src=\"\/\/weblogcontentmarketing.com\/images\/ext-images\/article-brands\/brands-contemporary.jpg\" usemap=\"#image-map\" alt=\"\">\n    \n    <map name=\"image-map\">\n    <area target=\"_blank\" alt=\"Covet House\" title=\"Covet House\" href=\"https:\/\/www.covethouse.eu\/inspirations\/a-contemporary-living-room-in-neutral-and-golden-tones\/?utm_source=blog&amp;utm_medium=articlebanner-multimarca&amp;utm_content=luxxublog-marca&amp;utm_campaign=brandawareness\" coords=\"2,0,0,247,316,249,316,0\" shape=\"poly\">\n    <area target=\"_blank\" alt=\"Boca do Lobo\" title=\"Boca do Lobo\" href=\"http:\/\/www.bocadolobo.com\/en\/inspiration-and-ideas\/?utm_source=blog&amp;utm_medium=articlebanner-multimarca&amp;utm_content=luxxublog-marca&amp;utm_campaign=brandawareness\" coords=\"319,0,314,248,634,249,635,1\" shape=\"poly\">\n    <area target=\"_blank\" alt=\"Luxxu\" title=\"Luxxu\" href=\"https:\/\/www.luxxu.net\/landing-page\/download-catalogue?utm_source=blog&amp;utm_medium=articlebanner-multimarca&amp;utm_content=luxxublog-marca&amp;utm_campaign=brandawareness\" coords=\"634,2,634,248,948,246,948,0\" shape=\"poly\">\n    <area target=\"_blank\" alt=\"Maison Valentina\" title=\"Maison Valentina\" href=\"https:\/\/www.maisonvalentina.net\/en\/room-by-room\/diamond-bathtub-takes-centre-stage-on-elegant-room?utm_source=blog&amp;utm_medium=articlebanner-multimarca&amp;utm_content=luxxublog-marca&amp;utm_campaign=brandawareness\" coords=\"1,248,2,497,317,498,315,250,176,249\" shape=\"poly\">\n    <area target=\"_blank\" alt=\"PullCast\" title=\"PullCast\" href=\"https:\/\/pullcast.eu\/trends\/?utm_source=blog&amp;utm_medium=articlebanner-multimarca&amp;utm_content=luxxublog-marca&amp;utm_campaign=brandawareness\" coords=\"318,248,315,499,634,498,633,249\" shape=\"poly\">\n    <area target=\"_blank\" alt=\"Circu\" title=\"Circu\" href=\"https:\/\/www.circu.net\/inspirations\/projects\/home-decor-tips-how-to-use-the-fantasy-air-balloon\/?utm_source=blog&amp;utm_medium=articlebanner-multimarca&amp;utm_content=luxxublog-marca&amp;utm_campaign=brandawareness\" coords=\"633,246,636,498,947,497,948,246\" shape=\"poly\">\n<\/map>\n    <\/div>\n\n\n\n<h4 class=\"wp-block-heading\">Artefacto<\/h4>\n\n\n\n<div class=\"wp-block-image\"><figure class=\"aligncenter size-full\"><a href=\"https:\/\/www.luxxu.net\/landing-page\/open-house-covet-house?utm_source=blog&amp;utm_medium=article-image&amp;utm_content=LuxxuBlog&amp;utm_campaign=product&amp;utm_term=atavares\" title=\"\"><img loading=\"lazy\" decoding=\"async\" width=\"1000\" height=\"417\" src=\"https:\/\/www.luxxu.net\/blog\/wp-content\/uploads\/2021\/02\/Artefacto_PatriciaAnastassiadis_2018_1920x800.jpg\" alt=\"\" class=\"wp-image-19488\" srcset=\"https:\/\/www.luxxu.net\/blog\/wp-content\/uploads\/2021\/02\/Artefacto_PatriciaAnastassiadis_2018_1920x800.jpg 1000w, https:\/\/www.luxxu.net\/blog\/wp-content\/uploads\/2021\/02\/Artefacto_PatriciaAnastassiadis_2018_1920x800-300x125.jpg 300w, https:\/\/www.luxxu.net\/blog\/wp-content\/uploads\/2021\/02\/Artefacto_PatriciaAnastassiadis_2018_1920x800-662x276.jpg 662w, https:\/\/www.luxxu.net\/blog\/wp-content\/uploads\/2021\/02\/Artefacto_PatriciaAnastassiadis_2018_1920x800-768x320.jpg 768w, https:\/\/www.luxxu.net\/blog\/wp-content\/uploads\/2021\/02\/Artefacto_PatriciaAnastassiadis_2018_1920x800-640x267.jpg 640w, https:\/\/www.luxxu.net\/blog\/wp-content\/uploads\/2021\/02\/Artefacto_PatriciaAnastassiadis_2018_1920x800-600x250.jpg 600w\" sizes=\"auto, (max-width: 1000px) 100vw, 1000px\"><\/a><\/figure><\/div>\n\n\n\n<p id=\"tw-target-text\">Artefacto interprets the contemporary house and the new consumption habits, as well as the more rational use of environmental resources in each stage of the construction of a piece, valuing the hand-painted, the main characteristic of DNA Artefacto, which bets strongly on the integrity of the design and respect for designers, with fully patented products.<\/p>\n\n\n\n<h4 class=\"wp-block-heading\">B&amp;B It\u00e1lia <\/h4>\n\n\n\n<div class=\"wp-block-image\"><figure class=\"aligncenter size-full\"><a href=\"https:\/\/www.luxxu.net\/landing-page\/open-house-covet-house?utm_source=blog&amp;utm_medium=article-image&amp;utm_content=LuxxuBlog&amp;utm_campaign=product&amp;utm_term=atavares\" title=\"\"><img loading=\"lazy\" decoding=\"async\" width=\"1000\" height=\"758\" src=\"https:\/\/www.luxxu.net\/blog\/wp-content\/uploads\/2021\/02\/bb-italia-maxalto-sao-paulo.jpg\" alt=\"\" class=\"wp-image-19489\" srcset=\"https:\/\/www.luxxu.net\/blog\/wp-content\/uploads\/2021\/02\/bb-italia-maxalto-sao-paulo.jpg 1000w, https:\/\/www.luxxu.net\/blog\/wp-content\/uploads\/2021\/02\/bb-italia-maxalto-sao-paulo-300x227.jpg 300w, https:\/\/www.luxxu.net\/blog\/wp-content\/uploads\/2021\/02\/bb-italia-maxalto-sao-paulo-443x336.jpg 443w, https:\/\/www.luxxu.net\/blog\/wp-content\/uploads\/2021\/02\/bb-italia-maxalto-sao-paulo-768x582.jpg 768w, https:\/\/www.luxxu.net\/blog\/wp-content\/uploads\/2021\/02\/bb-italia-maxalto-sao-paulo-640x485.jpg 640w, https:\/\/www.luxxu.net\/blog\/wp-content\/uploads\/2021\/02\/bb-italia-maxalto-sao-paulo-600x455.jpg 600w\" sizes=\"auto, (max-width: 1000px) 100vw, 1000px\"><\/a><\/figure><\/div>\n\n\n\n<p>Founded in 1966 with the entrepreneurial vision of Piero Ambrogio Busnelli, B&amp;B Italia is a leading Italian company in the international world of designer furniture for both home (B&amp;B Italia Home Division) and contract (B&amp;B Italia Contract Division). With stores all over the world, the showroom in S\u00e3o Paulo is a showstopper <\/p>\n\n\n\n<figure class=\"wp-block-image\"><img decoding=\"async\" src=\"https:\/\/www.luxxu.net\/blog\/wp-content\/uploads\/2021\/02\/ArticleBanner-casaCH-662x149.jpg\" alt=\"This image has an empty alt attribute; its file name is ArticleBanner-casaCH-662x149.jpg\"><\/figure>\n\n\n\n<h4 class=\"wp-block-heading\">Boconcept<\/h4>\n\n\n\n<figure class=\"wp-block-image size-full\"><a href=\"https:\/\/www.luxxu.net\/landing-page\/open-house-covet-house?utm_source=blog&amp;utm_medium=article-image&amp;utm_content=LuxxuBlog&amp;utm_campaign=product&amp;utm_term=atavares\" title=\"\"><img loading=\"lazy\" decoding=\"async\" width=\"1000\" height=\"846\" src=\"https:\/\/www.luxxu.net\/blog\/wp-content\/uploads\/2021\/02\/boconceptJardins_Facade.jpg\" alt=\"\" class=\"wp-image-19490\" srcset=\"https:\/\/www.luxxu.net\/blog\/wp-content\/uploads\/2021\/02\/boconceptJardins_Facade.jpg 1000w, https:\/\/www.luxxu.net\/blog\/wp-content\/uploads\/2021\/02\/boconceptJardins_Facade-300x254.jpg 300w, https:\/\/www.luxxu.net\/blog\/wp-content\/uploads\/2021\/02\/boconceptJardins_Facade-397x336.jpg 397w, https:\/\/www.luxxu.net\/blog\/wp-content\/uploads\/2021\/02\/boconceptJardins_Facade-768x650.jpg 768w, https:\/\/www.luxxu.net\/blog\/wp-content\/uploads\/2021\/02\/boconceptJardins_Facade-640x541.jpg 640w, https:\/\/www.luxxu.net\/blog\/wp-content\/uploads\/2021\/02\/boconceptJardins_Facade-600x508.jpg 600w\" sizes=\"auto, (max-width: 1000px) 100vw, 1000px\"><\/a><\/figure>\n\n\n\n<p id=\"tw-target-text\">BoConcept was founded in Denmark in 1952 and is today a brand of excellence in the retail lifestyle, with approximately three hundred stores in more than sixty countries.<\/p>\n\n\n\n<h4 class=\"wp-block-heading\">BonTempo<\/h4>\n\n\n\n<div class=\"wp-block-image\"><figure class=\"aligncenter size-full\"><a href=\"https:\/\/www.luxxu.net\/landing-page\/open-house-covet-house?utm_source=blog&amp;utm_medium=article-image&amp;utm_content=LuxxuBlog&amp;utm_campaign=product&amp;utm_term=atavares\" title=\"\"><img loading=\"lazy\" decoding=\"async\" width=\"1000\" height=\"412\" src=\"https:\/\/www.luxxu.net\/blog\/wp-content\/uploads\/2021\/02\/bontempo.jpg\" alt=\"\" class=\"wp-image-19491\" srcset=\"https:\/\/www.luxxu.net\/blog\/wp-content\/uploads\/2021\/02\/bontempo.jpg 1000w, https:\/\/www.luxxu.net\/blog\/wp-content\/uploads\/2021\/02\/bontempo-300x124.jpg 300w, https:\/\/www.luxxu.net\/blog\/wp-content\/uploads\/2021\/02\/bontempo-662x273.jpg 662w, https:\/\/www.luxxu.net\/blog\/wp-content\/uploads\/2021\/02\/bontempo-768x316.jpg 768w, https:\/\/www.luxxu.net\/blog\/wp-content\/uploads\/2021\/02\/bontempo-640x264.jpg 640w, https:\/\/www.luxxu.net\/blog\/wp-content\/uploads\/2021\/02\/bontempo-600x247.jpg 600w\" sizes=\"auto, (max-width: 1000px) 100vw, 1000px\"><\/a><\/figure><\/div>\n\n\n\n<p id=\"tw-target-text\">A brand specialized in developing fully customized furniture of the highest standard, Bontempo opens a store in S\u00e3o Paulo and thus expands the Italian furniture business brought by its ancestors during their emigration to Brazil.<\/p>\n\n\n\n<h4 class=\"wp-block-heading\">Breton<\/h4>\n\n\n\n<div class=\"wp-block-image\"><figure class=\"aligncenter size-full\"><a href=\"https:\/\/www.luxxu.net\/landing-page\/open-house-covet-house?utm_source=blog&amp;utm_medium=article-image&amp;utm_content=LuxxuBlog&amp;utm_campaign=product&amp;utm_term=atavares\" title=\"\"><img loading=\"lazy\" decoding=\"async\" width=\"1000\" height=\"721\" src=\"https:\/\/www.luxxu.net\/blog\/wp-content\/uploads\/2021\/02\/breton.jpg\" alt=\"\" class=\"wp-image-19492\" srcset=\"https:\/\/www.luxxu.net\/blog\/wp-content\/uploads\/2021\/02\/breton.jpg 1000w, https:\/\/www.luxxu.net\/blog\/wp-content\/uploads\/2021\/02\/breton-300x216.jpg 300w, https:\/\/www.luxxu.net\/blog\/wp-content\/uploads\/2021\/02\/breton-466x336.jpg 466w, https:\/\/www.luxxu.net\/blog\/wp-content\/uploads\/2021\/02\/breton-768x554.jpg 768w, https:\/\/www.luxxu.net\/blog\/wp-content\/uploads\/2021\/02\/breton-640x461.jpg 640w, https:\/\/www.luxxu.net\/blog\/wp-content\/uploads\/2021\/02\/breton-600x433.jpg 600w\" sizes=\"auto, (max-width: 1000px) 100vw, 1000px\"><\/a><\/figure><\/div>\n\n\n\n<p id=\"tw-target-text\">In more than half a century of history, Breton \u2013 family business consolidated in the luxury furniture market operates throughout the national territory. Altogether there are 10 stores, five of which are owned in S\u00e3o Paulo, including the outlet, as well as one in the city of Rio de Janeiro and one in the federal capital, Bras\u00edlia.<\/p>\n\n\n\n<h4 class=\"wp-block-heading\">Carbono <\/h4>\n\n\n\n<div class=\"wp-block-image\"><figure class=\"aligncenter size-full\"><a href=\"https:\/\/www.luxxu.net\/landing-page\/open-house-covet-house?utm_source=blog&amp;utm_medium=article-image&amp;utm_content=LuxxuBlog&amp;utm_campaign=product&amp;utm_term=atavares\" title=\"\"><img loading=\"lazy\" decoding=\"async\" width=\"1000\" height=\"699\" src=\"https:\/\/www.luxxu.net\/blog\/wp-content\/uploads\/2021\/02\/carbono-superlimao-maira-acayaba-fotografia-11-alta.jpg\" alt=\"\" class=\"wp-image-19493\" srcset=\"https:\/\/www.luxxu.net\/blog\/wp-content\/uploads\/2021\/02\/carbono-superlimao-maira-acayaba-fotografia-11-alta.jpg 1000w, https:\/\/www.luxxu.net\/blog\/wp-content\/uploads\/2021\/02\/carbono-superlimao-maira-acayaba-fotografia-11-alta-300x210.jpg 300w, https:\/\/www.luxxu.net\/blog\/wp-content\/uploads\/2021\/02\/carbono-superlimao-maira-acayaba-fotografia-11-alta-481x336.jpg 481w, https:\/\/www.luxxu.net\/blog\/wp-content\/uploads\/2021\/02\/carbono-superlimao-maira-acayaba-fotografia-11-alta-768x537.jpg 768w, https:\/\/www.luxxu.net\/blog\/wp-content\/uploads\/2021\/02\/carbono-superlimao-maira-acayaba-fotografia-11-alta-640x447.jpg 640w, https:\/\/www.luxxu.net\/blog\/wp-content\/uploads\/2021\/02\/carbono-superlimao-maira-acayaba-fotografia-11-alta-600x419.jpg 600w\" sizes=\"auto, (max-width: 1000px) 100vw, 1000px\"><\/a><\/figure><\/div>\n\n\n\n<p id=\"tw-target-text\">Born in 2010, they are, first of all, observers. Through a constant analysis of their audience\u2019s behavior and identity, they design furniture and accessories that would best suit their home.<\/p>\n\n\n\n<div class=\"bfoot\">\n    <img decoding=\"async\" src=\"\/\/weblogcontentmarketing.com\/images\/ext-images\/article-brands\/brands-midcentury.jpg\" usemap=\"#image-map2\" alt=\"\">\n    \n    <map name=\"image-map2\">\n    <area target=\"_blank\" alt=\"Essential Home\" title=\"Essential Home\" href=\"https:\/\/essentialhome.eu\/designers?utm_source=blog&amp;utm_medium=articlebanner-multimarca&amp;utm_content=luxxublog-marca&amp;utm_campaign=brandawareness\" coords=\"3,2,1,246,317,248,317,2\" shape=\"poly\">\n    <area target=\"_blank\" alt=\"Delightfull\" title=\"Delightfull\" href=\"https:\/\/delightfull.eu\/inspirations\/room-ideias\/?utm_source=blog&amp;utm_medium=articlebanner-multimarca&amp;utm_content=luxxublog-marca&amp;utm_campaign=brandawareness\" coords=\"322,2,317,248,635,248,636,3\" shape=\"poly\">\n    <area target=\"_blank\" alt=\"RugSociety\" title=\"RugSociety\" href=\"https:\/\/rugsociety.eu\/room-by-room\/rug-society-kleopatra-lounge-rug?utm_source=blog&amp;utm_medium=articlebanner-multimarca&amp;utm_content=luxxublog-marca&amp;utm_campaign=brandawareness\" coords=\"636,2,635,249,950,248,950,3\" shape=\"poly\">\n    <area target=\"_blank\" alt=\"Brabbu\" title=\"Brabbu\" href=\"https:\/\/www.brabbu.com\/room-by-room\/contemporary-living-room-with-cuzco-rug?utm_source=blog&amp;utm_medium=articlebanner-multimarca&amp;utm_content=luxxublog-marca&amp;utm_campaign=brandawareness\" coords=\"2,250,0,499,473,497,472,250\" shape=\"poly\">\n    <area target=\"_blank\" alt=\"Caffe Latte\" title=\"Caffe Latte\" href=\"https:\/\/www.caffelattehome.com\/new-products?utm_source=blog&amp;utm_medium=articlebanner-multimarca&amp;utm_content=luxxublog-marca&amp;utm_campaign=brandawareness\" coords=\"474,248,474,499,948,497,949,250,643,250\" shape=\"poly\">\n<\/map>\n    <\/div>\n\n\n\n<h4 class=\"wp-block-heading\">Casual Conceito<\/h4>\n\n\n\n<div class=\"wp-block-image\"><figure class=\"aligncenter size-full\"><a href=\"https:\/\/www.luxxu.net\/landing-page\/open-house-covet-house?utm_source=blog&amp;utm_medium=article-image&amp;utm_content=LuxxuBlog&amp;utm_campaign=product&amp;utm_term=atavares\" title=\"\"><img loading=\"lazy\" decoding=\"async\" width=\"1000\" height=\"666\" src=\"https:\/\/www.luxxu.net\/blog\/wp-content\/uploads\/2021\/02\/casual-conceito-moveis.jpg\" alt=\"\" class=\"wp-image-19494\" srcset=\"https:\/\/www.luxxu.net\/blog\/wp-content\/uploads\/2021\/02\/casual-conceito-moveis.jpg 1000w, https:\/\/www.luxxu.net\/blog\/wp-content\/uploads\/2021\/02\/casual-conceito-moveis-300x200.jpg 300w, https:\/\/www.luxxu.net\/blog\/wp-content\/uploads\/2021\/02\/casual-conceito-moveis-505x336.jpg 505w, https:\/\/www.luxxu.net\/blog\/wp-content\/uploads\/2021\/02\/casual-conceito-moveis-768x511.jpg 768w, https:\/\/www.luxxu.net\/blog\/wp-content\/uploads\/2021\/02\/casual-conceito-moveis-640x426.jpg 640w, https:\/\/www.luxxu.net\/blog\/wp-content\/uploads\/2021\/02\/casual-conceito-moveis-600x400.jpg 600w\" sizes=\"auto, (max-width: 1000px) 100vw, 1000px\"><\/a><\/figure><\/div>\n\n\n\n<p id=\"tw-target-text\">Casual M\u00f3veis, exclusive representative of FLEXFORM Italia in Brazil, reopened the mono-brand store in S\u00e3o Paulo in February 2017. The space, maintained at the same address at Alameda Gabriel Monteiro da Silva, was reformulated by the architects Fernanda Negrelli + Andrea Teixeira, who respected the international concept of the Italian brand and the language of Casual M\u00f3veis.<\/p>\n\n\n\n<figure class=\"wp-block-image size-large\"><img loading=\"lazy\" decoding=\"async\" width=\"662\" height=\"149\" src=\"https:\/\/www.luxxu.net\/blog\/wp-content\/uploads\/2021\/02\/articlebanner-bestesellers-662x149.jpg\" alt=\"\" class=\"wp-image-19679\" srcset=\"https:\/\/www.luxxu.net\/blog\/wp-content\/uploads\/2021\/02\/articlebanner-bestesellers-662x149.jpg 662w, https:\/\/www.luxxu.net\/blog\/wp-content\/uploads\/2021\/02\/articlebanner-bestesellers-300x68.jpg 300w, https:\/\/www.luxxu.net\/blog\/wp-content\/uploads\/2021\/02\/articlebanner-bestesellers-768x173.jpg 768w, https:\/\/www.luxxu.net\/blog\/wp-content\/uploads\/2021\/02\/articlebanner-bestesellers-640x144.jpg 640w, https:\/\/www.luxxu.net\/blog\/wp-content\/uploads\/2021\/02\/articlebanner-bestesellers-600x135.jpg 600w, https:\/\/www.luxxu.net\/blog\/wp-content\/uploads\/2021\/02\/articlebanner-bestesellers.jpg 800w\" sizes=\"auto, (max-width: 662px) 100vw, 662px\"><\/figure>\n\n\n\n<h4 class=\"wp-block-heading\">Decameron<\/h4>\n\n\n\n<div class=\"wp-block-image\"><figure class=\"aligncenter size-full\"><a href=\"https:\/\/www.luxxu.net\/landing-page\/open-house-covet-house?utm_source=blog&amp;utm_medium=article-image&amp;utm_content=LuxxuBlog&amp;utm_campaign=product&amp;utm_term=atavares\" title=\"\"><img loading=\"lazy\" decoding=\"async\" width=\"1000\" height=\"623\" src=\"https:\/\/www.luxxu.net\/blog\/wp-content\/uploads\/2021\/02\/decameron.jpg\" alt=\"\" class=\"wp-image-19495\" srcset=\"https:\/\/www.luxxu.net\/blog\/wp-content\/uploads\/2021\/02\/decameron.jpg 1000w, https:\/\/www.luxxu.net\/blog\/wp-content\/uploads\/2021\/02\/decameron-300x187.jpg 300w, https:\/\/www.luxxu.net\/blog\/wp-content\/uploads\/2021\/02\/decameron-539x336.jpg 539w, https:\/\/www.luxxu.net\/blog\/wp-content\/uploads\/2021\/02\/decameron-768x478.jpg 768w, https:\/\/www.luxxu.net\/blog\/wp-content\/uploads\/2021\/02\/decameron-640x399.jpg 640w, https:\/\/www.luxxu.net\/blog\/wp-content\/uploads\/2021\/02\/decameron-240x150.jpg 240w, https:\/\/www.luxxu.net\/blog\/wp-content\/uploads\/2021\/02\/decameron-600x374.jpg 600w\" sizes=\"auto, (max-width: 1000px) 100vw, 1000px\"><\/a><\/figure><\/div>\n\n\n\n<p id=\"tw-target-text\">Founded in 1995 by designer Marcus Ferreira, Decameron is a design office and also a laboratory for the production of its furniture, since the company has always chosen to produce them following the classic tapestry and joinery techniques associated with contemporary design .<\/p>\n\n\n\n<h4 class=\"wp-block-heading\">Estar Moveis<\/h4>\n\n\n\n<div class=\"wp-block-image\"><figure class=\"aligncenter size-full\"><img loading=\"lazy\" decoding=\"async\" width=\"1000\" height=\"1276\" src=\"https:\/\/www.luxxu.net\/blog\/wp-content\/uploads\/2021\/02\/ESTAR_MOVEIS_-_SUPERLIMAO_STUDIO-19.jpg\" alt=\"\" class=\"wp-image-19496\" srcset=\"https:\/\/www.luxxu.net\/blog\/wp-content\/uploads\/2021\/02\/ESTAR_MOVEIS_-_SUPERLIMAO_STUDIO-19.jpg 1000w, https:\/\/www.luxxu.net\/blog\/wp-content\/uploads\/2021\/02\/ESTAR_MOVEIS_-_SUPERLIMAO_STUDIO-19-235x300.jpg 235w, https:\/\/www.luxxu.net\/blog\/wp-content\/uploads\/2021\/02\/ESTAR_MOVEIS_-_SUPERLIMAO_STUDIO-19-263x336.jpg 263w, https:\/\/www.luxxu.net\/blog\/wp-content\/uploads\/2021\/02\/ESTAR_MOVEIS_-_SUPERLIMAO_STUDIO-19-768x980.jpg 768w, https:\/\/www.luxxu.net\/blog\/wp-content\/uploads\/2021\/02\/ESTAR_MOVEIS_-_SUPERLIMAO_STUDIO-19-640x817.jpg 640w, https:\/\/www.luxxu.net\/blog\/wp-content\/uploads\/2021\/02\/ESTAR_MOVEIS_-_SUPERLIMAO_STUDIO-19-600x766.jpg 600w\" sizes=\"auto, (max-width: 1000px) 100vw, 1000px\"><\/figure><\/div>\n\n\n\n<p id=\"tw-target-text\">Located in a corner property, the store should house the contemporary collection and new brand language, which has been in the market for 60 years and, in this new venture, seeks a new aesthetic language printed on its products and also in architecture.<\/p>\n\n\n\n<h4 class=\"wp-block-heading\">Galeria Almeida Prado<\/h4>\n\n\n\n<div class=\"wp-block-image\"><figure class=\"aligncenter size-full\"><a href=\"https:\/\/www.luxxu.net\/landing-page\/open-house-covet-house?utm_source=blog&amp;utm_medium=article-image&amp;utm_content=LuxxuBlog&amp;utm_campaign=product&amp;utm_term=atavares\" title=\"\"><img loading=\"lazy\" decoding=\"async\" width=\"1000\" height=\"1499\" src=\"https:\/\/www.luxxu.net\/blog\/wp-content\/uploads\/2021\/02\/galeria-almeida-prado.jpg\" alt=\"\" class=\"wp-image-19497\" srcset=\"https:\/\/www.luxxu.net\/blog\/wp-content\/uploads\/2021\/02\/galeria-almeida-prado.jpg 1000w, https:\/\/www.luxxu.net\/blog\/wp-content\/uploads\/2021\/02\/galeria-almeida-prado-200x300.jpg 200w, https:\/\/www.luxxu.net\/blog\/wp-content\/uploads\/2021\/02\/galeria-almeida-prado-224x336.jpg 224w, https:\/\/www.luxxu.net\/blog\/wp-content\/uploads\/2021\/02\/galeria-almeida-prado-768x1151.jpg 768w, https:\/\/www.luxxu.net\/blog\/wp-content\/uploads\/2021\/02\/galeria-almeida-prado-640x959.jpg 640w, https:\/\/www.luxxu.net\/blog\/wp-content\/uploads\/2021\/02\/galeria-almeida-prado-600x899.jpg 600w\" sizes=\"auto, (max-width: 1000px) 100vw, 1000px\"><\/a><\/figure><\/div>\n\n\n\n<p id=\"tw-target-text\">Inaugurated in 2009, Galeria Almeida Prado has already exhibited items of furniture inspired by the 1940s, 1950s, 1960s and 1970s, in addition to a rich collection of prints, antiques, popular and indigenous art. Exclusive pieces by artists such as Volpi, Oscar Niemeyer, Tomie Ohtake, Athos Bulc\u00e3o, S\u00e9rgio Rodrigues, Jorge Zalszupin and Michel Arnoult are also part of the portfolio.<\/p>\n\n\n\n<h4 class=\"wp-block-heading\">L\u00cdDER Interiores<\/h4>\n\n\n\n<div class=\"wp-block-image\"><figure class=\"aligncenter size-full\"><a href=\"https:\/\/www.luxxu.net\/landing-page\/open-house-covet-house?utm_source=blog&amp;utm_medium=article-image&amp;utm_content=LuxxuBlog&amp;utm_campaign=product&amp;utm_term=atavares\" title=\"\"><img loading=\"lazy\" decoding=\"async\" width=\"1000\" height=\"623\" src=\"https:\/\/www.luxxu.net\/blog\/wp-content\/uploads\/2021\/02\/LIDER-INTERIORES.jpg\" alt=\"\" class=\"wp-image-19498\" srcset=\"https:\/\/www.luxxu.net\/blog\/wp-content\/uploads\/2021\/02\/LIDER-INTERIORES.jpg 1000w, https:\/\/www.luxxu.net\/blog\/wp-content\/uploads\/2021\/02\/LIDER-INTERIORES-300x187.jpg 300w, https:\/\/www.luxxu.net\/blog\/wp-content\/uploads\/2021\/02\/LIDER-INTERIORES-539x336.jpg 539w, https:\/\/www.luxxu.net\/blog\/wp-content\/uploads\/2021\/02\/LIDER-INTERIORES-768x478.jpg 768w, https:\/\/www.luxxu.net\/blog\/wp-content\/uploads\/2021\/02\/LIDER-INTERIORES-640x399.jpg 640w, https:\/\/www.luxxu.net\/blog\/wp-content\/uploads\/2021\/02\/LIDER-INTERIORES-240x150.jpg 240w, https:\/\/www.luxxu.net\/blog\/wp-content\/uploads\/2021\/02\/LIDER-INTERIORES-600x374.jpg 600w\" sizes=\"auto, (max-width: 1000px) 100vw, 1000px\"><\/a><\/figure><\/div>\n\n\n\n<p id=\"tw-target-text\">After partnering with renowned design studios like Nada se takes, Lattoog and Adolini + Simonini, the brand now invests in its points of sale. After the opening of the store in the Sion neighborhood, in Belo Horizonte, it is S\u00e3o Paulo\u2019s turn to receive the new Lider Interiores.<\/p>\n\n\n\n<figure class=\"wp-block-image size-full\"><a href=\"https:\/\/www.circu.net\/our-magical-rooms?utm_source=blog&amp;utm_medium=article-text&amp;utm_content=luxxublog-magical-rooms-circu&amp;utm_campaign=newproducts&amp;utm_term=mgoncalves\" title=\"\"><img loading=\"lazy\" decoding=\"async\" width=\"820\" height=\"312\" src=\"https:\/\/www.luxxu.net\/blog\/wp-content\/uploads\/2021\/02\/820X312.jpg\" alt=\"\" class=\"wp-image-19499\" srcset=\"https:\/\/www.luxxu.net\/blog\/wp-content\/uploads\/2021\/02\/820X312.jpg 820w, https:\/\/www.luxxu.net\/blog\/wp-content\/uploads\/2021\/02\/820X312-300x114.jpg 300w, https:\/\/www.luxxu.net\/blog\/wp-content\/uploads\/2021\/02\/820X312-662x252.jpg 662w, https:\/\/www.luxxu.net\/blog\/wp-content\/uploads\/2021\/02\/820X312-768x292.jpg 768w, https:\/\/www.luxxu.net\/blog\/wp-content\/uploads\/2021\/02\/820X312-640x244.jpg 640w, https:\/\/www.luxxu.net\/blog\/wp-content\/uploads\/2021\/02\/820X312-600x228.jpg 600w\" sizes=\"auto, (max-width: 820px) 100vw, 820px\"><\/a><\/figure>\n\n\n\n<h4 class=\"wp-block-heading\">Mar\u00edlia Veiga<\/h4>\n\n\n\n<div class=\"wp-block-image\"><figure class=\"aligncenter size-full\"><a href=\"https:\/\/www.luxxu.net\/landing-page\/open-house-covet-house?utm_source=blog&amp;utm_medium=article-image&amp;utm_content=LuxxuBlog&amp;utm_campaign=product&amp;utm_term=atavares\" title=\"\"><img loading=\"lazy\" decoding=\"async\" width=\"1000\" height=\"469\" src=\"https:\/\/www.luxxu.net\/blog\/wp-content\/uploads\/2021\/02\/marilia-veiga.jpg\" alt=\"\" class=\"wp-image-19500\" srcset=\"https:\/\/www.luxxu.net\/blog\/wp-content\/uploads\/2021\/02\/marilia-veiga.jpg 1000w, https:\/\/www.luxxu.net\/blog\/wp-content\/uploads\/2021\/02\/marilia-veiga-300x141.jpg 300w, https:\/\/www.luxxu.net\/blog\/wp-content\/uploads\/2021\/02\/marilia-veiga-662x310.jpg 662w, https:\/\/www.luxxu.net\/blog\/wp-content\/uploads\/2021\/02\/marilia-veiga-768x360.jpg 768w, https:\/\/www.luxxu.net\/blog\/wp-content\/uploads\/2021\/02\/marilia-veiga-640x300.jpg 640w, https:\/\/www.luxxu.net\/blog\/wp-content\/uploads\/2021\/02\/marilia-veiga-600x281.jpg 600w, https:\/\/www.luxxu.net\/blog\/wp-content\/uploads\/2021\/02\/marilia-veiga-850x400.jpg 850w\" sizes=\"auto, (max-width: 1000px) 100vw, 1000px\"><\/a><\/figure><\/div>\n\n\n\n<p id=\"tw-target-text\">The career of interior designer Mar\u00edlia Brunetti de Campos Veiga began over 35 years ago. His office, focused on high-end residential projects, controls the work from the beginning to the final production, leaving the client totally unconcerned.<\/p>\n\n\n\n<h4 class=\"wp-block-heading\">MUMA<\/h4>\n\n\n\n<div class=\"wp-block-image\"><figure class=\"aligncenter size-full\"><img loading=\"lazy\" decoding=\"async\" width=\"1000\" height=\"667\" src=\"https:\/\/www.luxxu.net\/blog\/wp-content\/uploads\/2021\/02\/muma.jpg\" alt=\"\" class=\"wp-image-19501\" srcset=\"https:\/\/www.luxxu.net\/blog\/wp-content\/uploads\/2021\/02\/muma.jpg 1000w, https:\/\/www.luxxu.net\/blog\/wp-content\/uploads\/2021\/02\/muma-300x200.jpg 300w, https:\/\/www.luxxu.net\/blog\/wp-content\/uploads\/2021\/02\/muma-504x336.jpg 504w, https:\/\/www.luxxu.net\/blog\/wp-content\/uploads\/2021\/02\/muma-768x512.jpg 768w, https:\/\/www.luxxu.net\/blog\/wp-content\/uploads\/2021\/02\/muma-640x427.jpg 640w, https:\/\/www.luxxu.net\/blog\/wp-content\/uploads\/2021\/02\/muma-600x400.jpg 600w\" sizes=\"auto, (max-width: 1000px) 100vw, 1000px\"><\/figure><\/div>\n\n\n\n<p id=\"tw-target-text\">The MUMA showroom in S\u00e3o Paulo was opened in November 2017 in the charming neighborhood of Vila Madalena. Here, you can see and try furniture and accessories that are available on the website, and you can also find most of the accessories with prompt delivery. The store\u2019s design was signed by architects Rog\u00e9rio Gurgel, Bia Falleiros and Guido Otero seeking to achieve a contemporary atmosphere.<\/p>\n\n\n\n<h4 class=\"wp-block-heading\">ORNARE<\/h4>\n\n\n\n<div class=\"wp-block-image\"><figure class=\"aligncenter size-full\"><img loading=\"lazy\" decoding=\"async\" width=\"1000\" height=\"667\" src=\"https:\/\/www.luxxu.net\/blog\/wp-content\/uploads\/2021\/02\/ornare.jpg\" alt=\"\" class=\"wp-image-19512\" srcset=\"https:\/\/www.luxxu.net\/blog\/wp-content\/uploads\/2021\/02\/ornare.jpg 1000w, https:\/\/www.luxxu.net\/blog\/wp-content\/uploads\/2021\/02\/ornare-300x200.jpg 300w, https:\/\/www.luxxu.net\/blog\/wp-content\/uploads\/2021\/02\/ornare-504x336.jpg 504w, https:\/\/www.luxxu.net\/blog\/wp-content\/uploads\/2021\/02\/ornare-768x512.jpg 768w, https:\/\/www.luxxu.net\/blog\/wp-content\/uploads\/2021\/02\/ornare-640x427.jpg 640w, https:\/\/www.luxxu.net\/blog\/wp-content\/uploads\/2021\/02\/ornare-600x400.jpg 600w\" sizes=\"auto, (max-width: 1000px) 100vw, 1000px\"><\/figure><\/div>\n\n\n\n<p id=\"tw-target-text\">The family business, always plural in its vision and plans, had Murillo and Esther Schattan, both engineers. Visionaries, carrying out special actions with strong partners, contributed to the growth of the company and the high quality market, with showrooms in Brazil and abroad.<\/p>\n\n\n\n<h4 class=\"wp-block-heading\">Poeira Design<\/h4>\n\n\n\n<div class=\"wp-block-image\"><figure class=\"aligncenter size-full\"><img loading=\"lazy\" decoding=\"async\" width=\"1000\" height=\"668\" src=\"https:\/\/www.luxxu.net\/blog\/wp-content\/uploads\/2021\/02\/poeira-design.jpg\" alt=\"\" class=\"wp-image-19513\" srcset=\"https:\/\/www.luxxu.net\/blog\/wp-content\/uploads\/2021\/02\/poeira-design.jpg 1000w, https:\/\/www.luxxu.net\/blog\/wp-content\/uploads\/2021\/02\/poeira-design-300x200.jpg 300w, https:\/\/www.luxxu.net\/blog\/wp-content\/uploads\/2021\/02\/poeira-design-503x336.jpg 503w, https:\/\/www.luxxu.net\/blog\/wp-content\/uploads\/2021\/02\/poeira-design-768x513.jpg 768w, https:\/\/www.luxxu.net\/blog\/wp-content\/uploads\/2021\/02\/poeira-design-640x428.jpg 640w, https:\/\/www.luxxu.net\/blog\/wp-content\/uploads\/2021\/02\/poeira-design-600x401.jpg 600w\" sizes=\"auto, (max-width: 1000px) 100vw, 1000px\"><\/figure><\/div>\n\n\n\n<p>Interior design company, based in Lisbon, with stores in Lisbon, Rio de Janeiro and S\u00e3o Paulo.  Eclectic and vibrant, M\u00f3nica Penagui\u00e3o, creates a line of furniture and objects with infinite finishing options.<\/p>\n\n\n\n<h4 class=\"wp-block-heading\">Ricco<\/h4>\n\n\n\n<div class=\"wp-block-image\"><figure class=\"aligncenter size-full\"><img loading=\"lazy\" decoding=\"async\" width=\"1000\" height=\"1250\" src=\"https:\/\/www.luxxu.net\/blog\/wp-content\/uploads\/2021\/02\/ricco-offices-sao-paulo-10-700x875-1.jpg\" alt=\"\" class=\"wp-image-19515\" srcset=\"https:\/\/www.luxxu.net\/blog\/wp-content\/uploads\/2021\/02\/ricco-offices-sao-paulo-10-700x875-1.jpg 1000w, https:\/\/www.luxxu.net\/blog\/wp-content\/uploads\/2021\/02\/ricco-offices-sao-paulo-10-700x875-1-240x300.jpg 240w, https:\/\/www.luxxu.net\/blog\/wp-content\/uploads\/2021\/02\/ricco-offices-sao-paulo-10-700x875-1-269x336.jpg 269w, https:\/\/www.luxxu.net\/blog\/wp-content\/uploads\/2021\/02\/ricco-offices-sao-paulo-10-700x875-1-768x960.jpg 768w, https:\/\/www.luxxu.net\/blog\/wp-content\/uploads\/2021\/02\/ricco-offices-sao-paulo-10-700x875-1-640x800.jpg 640w, https:\/\/www.luxxu.net\/blog\/wp-content\/uploads\/2021\/02\/ricco-offices-sao-paulo-10-700x875-1-600x750.jpg 600w\" sizes=\"auto, (max-width: 1000px) 100vw, 1000px\"><\/figure><\/div>\n\n\n\n<p>Momb\u00e1 Arquitetura\u00a0was tasked with the design of the\u00a0Ricc\u00f3\u00a0furniture showroom and workspace located in S\u00e3o Paulo, Brazil. The creation of a new space for the \u201cRicc\u00f3 Hub\u201d brand responds to the company\u2019s cultural changes, it\u2019s the union of two important stores of corporate furniture.\u00a0<\/p>\n\n\n\n<h4 class=\"wp-block-heading\">Rodrigo Oohtake Open Houses<\/h4>\n\n\n\n<div class=\"wp-block-image\"><figure class=\"aligncenter size-full\"><img loading=\"lazy\" decoding=\"async\" width=\"1000\" height=\"750\" src=\"https:\/\/www.luxxu.net\/blog\/wp-content\/uploads\/2021\/02\/rodrigo-ohtake.jpg\" alt=\"\" class=\"wp-image-19516\" srcset=\"https:\/\/www.luxxu.net\/blog\/wp-content\/uploads\/2021\/02\/rodrigo-ohtake.jpg 1000w, https:\/\/www.luxxu.net\/blog\/wp-content\/uploads\/2021\/02\/rodrigo-ohtake-300x225.jpg 300w, https:\/\/www.luxxu.net\/blog\/wp-content\/uploads\/2021\/02\/rodrigo-ohtake-448x336.jpg 448w, https:\/\/www.luxxu.net\/blog\/wp-content\/uploads\/2021\/02\/rodrigo-ohtake-768x576.jpg 768w, https:\/\/www.luxxu.net\/blog\/wp-content\/uploads\/2021\/02\/rodrigo-ohtake-640x480.jpg 640w, https:\/\/www.luxxu.net\/blog\/wp-content\/uploads\/2021\/02\/rodrigo-ohtake-800x600.jpg 800w, https:\/\/www.luxxu.net\/blog\/wp-content\/uploads\/2021\/02\/rodrigo-ohtake-600x450.jpg 600w\" sizes=\"auto, (max-width: 1000px) 100vw, 1000px\"><\/figure><\/div>\n\n\n\n<p id=\"tw-target-text\">Graduated at FAU \/ USP in 2009, with a period of studies at the Polytechnic of Milan, Rodrigo Ohtake is always in search of his own architectural style. Passionate about colors and free forms, he collaborated with architects Mario Biselli, Alvaro Puntoni and the Frenchman Patrick Jouin, in addition to working with his father, Ruy, from 2008 to 2016. Since 2006, he has been doing his own projects and in 2011 he opened the Rodrigo Ohtake Arquitetura e Design office.<\/p>\n\n\n\n<h4 class=\"wp-block-heading\">Segatto<\/h4>\n\n\n\n<div class=\"wp-block-image\"><figure class=\"aligncenter size-full\"><a href=\"https:\/\/www.luxxu.net\/landing-page\/open-house-covet-house?utm_source=blog&amp;utm_medium=article-image&amp;utm_content=LuxxuBlog&amp;utm_campaign=product&amp;utm_term=atavares\" title=\"\"><img loading=\"lazy\" decoding=\"async\" width=\"1000\" height=\"799\" src=\"https:\/\/www.luxxu.net\/blog\/wp-content\/uploads\/2021\/02\/segatto.jpg\" alt=\"\" class=\"wp-image-19518\" srcset=\"https:\/\/www.luxxu.net\/blog\/wp-content\/uploads\/2021\/02\/segatto.jpg 1000w, https:\/\/www.luxxu.net\/blog\/wp-content\/uploads\/2021\/02\/segatto-300x240.jpg 300w, https:\/\/www.luxxu.net\/blog\/wp-content\/uploads\/2021\/02\/segatto-421x336.jpg 421w, https:\/\/www.luxxu.net\/blog\/wp-content\/uploads\/2021\/02\/segatto-768x614.jpg 768w, https:\/\/www.luxxu.net\/blog\/wp-content\/uploads\/2021\/02\/segatto-640x511.jpg 640w, https:\/\/www.luxxu.net\/blog\/wp-content\/uploads\/2021\/02\/segatto-600x479.jpg 600w\" sizes=\"auto, (max-width: 1000px) 100vw, 1000px\"><\/a><\/figure><\/div>\n\n\n\n<p>Today, with more than 80 years of experience in the market, Segatto has had a\u00a0\u00a0showroom\u00a0at Alameda Gabriel Monteiro da Silva, in S\u00e3o Paulo since 2004. In the curriculum, the company has hundreds of executed projects and numerous partnerships with architects, who can choose from a huge range of finishes.\u00a0The company knew how to follow the path of industrial modernization but managed to keep the DNA of handicrafts and\u00a0fatto a mano\u00a0.\u00a0Below, a little more about Segatto\u2019s history.<\/p>\n\n\n\n<h4 class=\"wp-block-heading\">Sierra<\/h4>\n\n\n\n<figure class=\"wp-block-image size-full\"><img loading=\"lazy\" decoding=\"async\" width=\"1000\" height=\"600\" src=\"https:\/\/www.luxxu.net\/blog\/wp-content\/uploads\/2021\/02\/sierra-conceito-ipiranga.jpg\" alt=\"\" class=\"wp-image-19519\" srcset=\"https:\/\/www.luxxu.net\/blog\/wp-content\/uploads\/2021\/02\/sierra-conceito-ipiranga.jpg 1000w, https:\/\/www.luxxu.net\/blog\/wp-content\/uploads\/2021\/02\/sierra-conceito-ipiranga-300x180.jpg 300w, https:\/\/www.luxxu.net\/blog\/wp-content\/uploads\/2021\/02\/sierra-conceito-ipiranga-560x336.jpg 560w, https:\/\/www.luxxu.net\/blog\/wp-content\/uploads\/2021\/02\/sierra-conceito-ipiranga-768x461.jpg 768w, https:\/\/www.luxxu.net\/blog\/wp-content\/uploads\/2021\/02\/sierra-conceito-ipiranga-640x384.jpg 640w, https:\/\/www.luxxu.net\/blog\/wp-content\/uploads\/2021\/02\/sierra-conceito-ipiranga-600x360.jpg 600w\" sizes=\"auto, (max-width: 1000px) 100vw, 1000px\"><\/figure>\n\n\n\n<p>Founded in 1990 in the municipality of Gramado, Sierra M\u00f3veis is already a world reference in the furniture and luxury goods market. Present in eight countries other than Brazil,\u00a0each step taken throughout its history was planned so that all the work resulted in today\u2019s success, with unity and cooperation being one of the main foundations for success.<\/p>\n\n\n\n<h4 class=\"wp-block-heading\">Vitra<\/h4>\n\n\n\n<div class=\"wp-block-image\"><figure class=\"aligncenter size-full\"><a href=\"https:\/\/www.luxxu.net\/landing-page\/open-house-covet-house?utm_source=blog&amp;utm_medium=article-image&amp;utm_content=LuxxuBlog&amp;utm_campaign=product&amp;utm_term=atavares\" title=\"\"><img loading=\"lazy\" decoding=\"async\" width=\"1000\" height=\"667\" src=\"https:\/\/www.luxxu.net\/blog\/wp-content\/uploads\/2021\/02\/VITRA-micasa_house_mk201008_nelsonkon_5.jpg\" alt=\"\" class=\"wp-image-19520\" srcset=\"https:\/\/www.luxxu.net\/blog\/wp-content\/uploads\/2021\/02\/VITRA-micasa_house_mk201008_nelsonkon_5.jpg 1000w, https:\/\/www.luxxu.net\/blog\/wp-content\/uploads\/2021\/02\/VITRA-micasa_house_mk201008_nelsonkon_5-300x200.jpg 300w, https:\/\/www.luxxu.net\/blog\/wp-content\/uploads\/2021\/02\/VITRA-micasa_house_mk201008_nelsonkon_5-504x336.jpg 504w, https:\/\/www.luxxu.net\/blog\/wp-content\/uploads\/2021\/02\/VITRA-micasa_house_mk201008_nelsonkon_5-768x512.jpg 768w, https:\/\/www.luxxu.net\/blog\/wp-content\/uploads\/2021\/02\/VITRA-micasa_house_mk201008_nelsonkon_5-640x427.jpg 640w, https:\/\/www.luxxu.net\/blog\/wp-content\/uploads\/2021\/02\/VITRA-micasa_house_mk201008_nelsonkon_5-600x400.jpg 600w\" sizes=\"auto, (max-width: 1000px) 100vw, 1000px\"><\/a><\/figure><\/div>\n\n\n\n<p>Creating innovative products and concepts with great designers is Vitra\u2019s essence. They are developed in Switzerland and installed worldwide by architects, companies and private users to build inspirational spaces for living, working as well as public areas<\/p>\n\n\n\n\n<!-- < ?php get_header(); ?> -->\n<link rel=\"preconnect\" href=\"https:\/\/fonts.gstatic.com\">\n<link href=\"https:\/\/fonts.googleapis.com\/css2?family=Lato:ital,wght@0,400;0,700;0,900;1,300;1,400&amp;display=swap\" rel=\"stylesheet\">\n\n <div class=\"col-xs-12 formtop100full\">\n    <div class=\"col-xs-12 col-md-6 imgblock\">\n    <img decoding=\"async\" src=\"https:\/\/www.luxxu.net\/blog\/wp-content\/themes\/Luxxu-New\/forms-ebooks\/images\/cover-top+100book.jpg\" alt=\"Ebook top +100\" class=\"img-responsive\">\n    <\/div>\n    <div class=\"col-xs-12 col-md-6 formblock\">\n        <form class=\"form_styleebooks formtop100 col-xs-12 nopadding\" action=\"\" method=\"post\">\n            <h4>TOP + 100 INTERIOR DESIGNERS<\/h4>\n            <p style=\"text-align: center;\">THE INSPIRATION YOU WERE LOOKING FOR<\/p>\n\n            <input name=\"notinterest\" class=\"interestedabsolute\">\n\t\t\t<input type=\"hidden\" name=\"name_ebook\" value=\"Best +100 Interior Designers\">\n\t\t\t<input type=\"hidden\" name=\"download_path\" value=\"https:\/\/weblogcontentmarketing.com\/file-download\/ebooks\/best-100-+-interior-designers.pdf\">\n            \n            <div class=\"col-xs-12\" style=\"position: relative;\">\n                <div class=\"error_firstname error\">Please insert your first name.<\/div>\n                <input type=\"text\" name=\"firstname\" placeholder=\"First Name *\" class=\"col-xs-12\">\n                <img decoding=\"async\" src=\"https:\/\/www.luxxu.net\/blog\/wp-content\/themes\/Luxxu-New\/forms-ebooks\/images\/user.png\" class=\"img-responsive iconforms\" style=\"top:6px;\" alt=\"\">\n            <\/div>\n            <div class=\"col-xs-12\" style=\"position: relative;\">\n                <div class=\"error_firstname error\">Please insert your last name.<\/div>\n                <input type=\"text\" name=\"lastname\" placeholder=\"Last Name *\" class=\"col-xs-12\">\n                <img decoding=\"async\" src=\"https:\/\/www.luxxu.net\/blog\/wp-content\/themes\/Luxxu-New\/forms-ebooks\/images\/user.png\" class=\"img-responsive iconforms\" style=\"top:6px;\" alt=\"\">\n            <\/div>\n            <div class=\"col-xs-12\" style=\"position: relative;\">\n                <div class=\"error_email error\">Please insert your email.<\/div>\n                <input type=\"email\" name=\"email\" placeholder=\"Email *\" class=\"col-xs-12\">\n                <img decoding=\"async\" src=\"https:\/\/www.luxxu.net\/blog\/wp-content\/themes\/Luxxu-New\/forms-ebooks\/images\/email.png\" class=\"img-responsive iconforms\" style=\"left:24px;\" alt=\"\">\n            <\/div>\n            <div class=\"col-xs-12 checkbds\">\n                <div class=\"policybox\">\n                    <input type=\"checkbox\" name=\"policy\"><p class=\"policy-style\">I HAVE READ AND ACCEPT YOUR <a href=\"https:\/\/www.luxxu.net\/blog\/policy-privacy\/\" target=\"_blank\" title=\"\">PRIVACY POLICY.<\/a><\/p>\n                <\/div>\n            <\/div>\n            <div class=\"col-xs-12 flex-position\">\n                <input type=\"submit\" name=\"btnsubmit\" class=\"col-xs-12\" value=\"FREE DOWNLOAD\">\n            <\/div>\n            <div class=\"success_message success\">Thanks you for your request!<\/div>\n        <\/form>\n    <\/div>\n<\/div>\n &lt; ?php get_footer(); ?&gt;\n\n\n\n<p class=\"has-text-align-center\"><em><strong>\u21d2 Check our article <em><strong><em><strong><em><strong><em><u><strong><em><strong><em><strong><em><strong><em><u><a rel=\"noreferrer noopener\" href=\"https:\/\/www.luxxu.net\/blog\/10-best-luxury-bar-tables\/\" target=\"_blank\" title=\"\">10 Best Luxury Bar Tables<\/a><\/u><\/em><\/strong><\/em><\/strong><\/em><\/strong><\/em><\/strong><\/u><\/em><\/strong><\/em><\/strong><\/em><\/strong><\/em><\/strong><\/em> \u21d0<\/p>\n\n\n\n<p><em>If you enjoyed this article regarding\u00a0<strong>Best Interior Design Showrooms in S\u00e3o Paulo<\/strong><\/em>\u00a0then make sure to check out our socials to find news, inspirations, and more interior design trends and ideas: <strong><em><strong><em><strong><em><a rel=\"noreferrer noopener\" target=\"_blank\" href=\"https:\/\/www.pinterest.pt\/lifestylebyluxxu\/\" title=\"\"><strong><em>Pinterest<\/em><\/strong><\/a><strong><em>\u00a0|\u00a0<\/em><\/strong><a rel=\"noreferrer noopener\" target=\"_blank\" href=\"https:\/\/www.facebook.com\/lifestylebyluxxu\/\" title=\"\"><strong><em>Facebook<\/em><\/strong><\/a><strong><em>\u00a0|\u00a0<\/em><\/strong><a rel=\"noreferrer noopener\" target=\"_blank\" href=\"https:\/\/www.instagram.com\/luxxu_lifestyle\/\" title=\"\"><strong><em>Instagram<\/em><\/strong><\/a><strong><em>.<\/em><\/strong><\/em><\/strong><\/em><\/strong><\/em><\/strong><\/p>\n\n\n\n<p><\/p>\n","protected":false},"excerpt":{"rendered":"<p>Best Interior Design Showrooms in S\u00e3o Paulo =&gt; We\u2019ve collected the\u00a0best interior furniture shops\u00a0and showrooms\u00a0for you to enjoy while in S\u00e3o Paulo, Brazil. From small\u00a0showrooms and boutiques to grand flagships, there is a huge variety of sources to find the best interior design furniture and inspirations. Artefacto Artefacto interprets the contemporary house and the new [&hellip;]<\/p>\n","protected":false},"author":35,"featured_media":19520,"comment_status":"open","ping_status":"open","sticky":false,"template":"","format":"standard","meta":{"_acf_changed":false,"footnotes":"","_links_to":"","_links_to_target":""},"categories":[14,25],"tags":[4156,4882,4880,4881],"class_list":["post-19487","post","type-post","status-publish","format-standard","has-post-thumbnail","hentry","category-interior-design","category-stores","tag-bb-italia","tag-best-interior-design-showrooms-in-sao-paulo","tag-furniture-store","tag-vitra"],"acf":[],"_links":{"self":[{"href":"https:\/\/www.luxxu.net\/blog\/wp-json\/wp\/v2\/posts\/19487","targetHints":{"allow":["GET"]}}],"collection":[{"href":"https:\/\/www.luxxu.net\/blog\/wp-json\/wp\/v2\/posts"}],"about":[{"href":"https:\/\/www.luxxu.net\/blog\/wp-json\/wp\/v2\/types\/post"}],"author":[{"embeddable":true,"href":"https:\/\/www.luxxu.net\/blog\/wp-json\/wp\/v2\/users\/35"}],"replies":[{"embeddable":true,"href":"https:\/\/www.luxxu.net\/blog\/wp-json\/wp\/v2\/comments?post=19487"}],"version-history":[{"count":6,"href":"https:\/\/www.luxxu.net\/blog\/wp-json\/wp\/v2\/posts\/19487\/revisions"}],"predecessor-version":[{"id":20433,"href":"https:\/\/www.luxxu.net\/blog\/wp-json\/wp\/v2\/posts\/19487\/revisions\/20433"}],"wp:featuredmedia":[{"embeddable":true,"href":"https:\/\/www.luxxu.net\/blog\/wp-json\/wp\/v2\/media\/19520"}],"wp:attachment":[{"href":"https:\/\/www.luxxu.net\/blog\/wp-json\/wp\/v2\/media?parent=19487"}],"wp:term":[{"taxonomy":"category","embeddable":true,"href":"https:\/\/www.luxxu.net\/blog\/wp-json\/wp\/v2\/categories?post=19487"},{"taxonomy":"post_tag","embeddable":true,"href":"https:\/\/www.luxxu.net\/blog\/wp-json\/wp\/v2\/tags?post=19487"}],"curies":[{"name":"wp","href":"https:\/\/api.w.org\/{rel}","templated":true}]}}